{"id":1348,"date":"2023-03-22T16:47:06","date_gmt":"2023-03-22T15:47:06","guid":{"rendered":"http:\/\/www.shopiemonte.com\/blog\/?p=1348"},"modified":"2023-04-04T21:20:02","modified_gmt":"2023-04-04T19:20:02","slug":"la-carne-allalbese","status":"publish","type":"post","link":"https:\/\/www.shopiemonte.com\/blog\/ricette-piemontesi\/la-carne-allalbese","title":{"rendered":"Carne all\u2019albese: ricetta della tradizione e varianti"},"content":{"rendered":"\n<p><span style=\"font-weight: 400;\">La <\/span><b>carne cruda all\u2019albese<\/b><span style=\"font-weight: 400;\">, in dialetto <\/span><i><span style=\"font-weight: 400;\">alb\u00e8isa<\/span><\/i><span style=\"font-weight: 400;\">,<\/span> <span style=\"font-weight: 400;\">\u00e8 un tipico piatto piemontese che prende il nome dalla citt\u00e0 di Alba (CN), la capitale delle Langhe. Nella sua semplicit\u00e0 \u00e8 un piatto molto gustoso e apprezzato, anche perch\u00e9 facile da preparare e leggero.<\/span><\/p>\n\n\n\n<p><span style=\"font-weight: 400;\">Di solito viene servita come antipasto, ma si presta anche come secondo o portata principale. La <\/span><b>carne all\u2019albese<\/b><span style=\"font-weight: 400;\"> si consuma tutto l\u2019anno, ma \u00e8 ideale quando il clima \u00e8 mite, dato che \u00e8 una ricetta che <\/span><b>si consuma a freddo o a temperatura ambiente<\/b><span style=\"font-weight: 400;\">. In Piemonte viene spesso inclusa tra gli antipasti del <strong>menu di Pasqua<\/strong>.<\/span><\/p>\n\n\n\n<p><span style=\"font-weight: 400;\">Si tratta di un <\/span><b>carpaccio sottilissimo tagliato se possibile al coltello <\/b><span style=\"font-weight: 400;\">e pestato con il batticarne (anche se oggi \u00e8 frequente usare l\u2019affettatrice), marinato in un\u2019emulsione di olio extravergine di oliva, limone, sale e pepe \u2013 la classica <\/span><i><span style=\"font-weight: 400;\">citronnette<\/span><\/i><span style=\"font-weight: 400;\">.&nbsp;<\/span><\/p>\n\n\n\n<p><span style=\"font-weight: 400;\">L\u2019olio non deve avere un sapore troppo aggressivo e il pepe, bianco o nero (ma bianco \u00e8 pi\u00f9 fine e fa un contrasto molto chic), deve essere macinato al momento.<\/span><\/p>\n\n\n\n<p><span style=\"font-weight: 400;\">La marinatura ideale \u00e8 dai 10-15\u2019 minuti in su. Nei mesi estivi, si consiglia di tenere il piatto in frigorifero per il tempo della posa e di tirarlo fuori solo poco prima di servirlo.<\/span><\/p>\n\n\n\n<p><span style=\"font-weight: 400;\">In stagione la carne all\u2019albese viene rigorosamente <\/span><b>ricoperta con una manciata di scaglie di tartufo, ovviamente bianco d\u2019Alba<\/b><span style=\"font-weight: 400;\">.&nbsp;<\/span><\/p>\n\n\n\n<p><span style=\"font-weight: 400;\">In questo caso, c\u2019\u00e8 chi preferisce eliminare il limone dal condimento per non interferire con il gusto e il profumo del tartufo, e chi invece lo mantiene, anche perch\u00e9 la vitamina C del succo aiuta ad assimilare il ferro della carne, dunque dal punto di vista nutrizionale \u00e8 un plus (<\/span><a href=\"https:\/\/www.humanitasalute.it\/lo-sai-che\/68632-lo-sai-succo-limone-aiuta-lassorbimento-del-ferro-negli-alimenti\/\" target=\"_blank\" rel=\"noreferrer noopener\"><span style=\"font-weight: 400;\">fonte<\/span><\/a><span style=\"font-weight: 400;\"> Humanitas Salute).<\/span><\/p>\n\n\n\n<p><span style=\"font-weight: 400;\">Per la materia prima si sceglie la <\/span><b>bovina piemontese<\/b><span style=\"font-weight: 400;\">, chiamata anche <\/span><b>fassona piemontese<\/b><span style=\"font-weight: 400;\">, una razza locale naturalmente dotata di carni molto magre e tenere; l\u2019animale pu\u00f2 essere vitello, vitellone o manzo. Per il carpaccio sono da prediligere i tagli privi di nervature, come per esempio filetto, controfiletto, fesa, noce, girello e coscia (magatello). Resta che in generale, per virt\u00f9 genetica, tutta la carne della razza piemontese ha un basso tasso di grasso e poca struttura connettiva.<\/span> Le sue qualit\u00e0 nutrizionali la avvicinano al pesce.<\/p>\n\n\n\n<blockquote class=\"wp-block-quote is-layout-flow wp-block-quote-is-layout-flow\">\n<p>La carne della razza Piemontese d\u00e0 il meglio di s\u00e9 cruda, nella battuta e nell\u2019albese. <em>Fonte<\/em>: <a href=\"https:\/\/www.coalvi.it\/pubblicazioni\/\" target=\"_blank\" rel=\"noreferrer noopener\">Coalvi<\/a>.<\/p>\n<\/blockquote>\n\n\n\n<p><em>Sono poche le carni che si possono mangiare senza cottura e, tra quelle poche, ancora meno quelle che sono pi\u00f9 buone crude che cotte.<\/em> <em>La Fassona piemontese fa eccezione.<\/em><\/p>\n\n\n\n<p class=\"has-luminous-vivid-amber-background-color has-background has-small-font-size\"><span style=\"font-weight: 400;\">Il nome <\/span><i><span style=\"font-weight: 400;\">fassona<\/span><\/i><span style=\"font-weight: 400;\">, o <\/span><i><span style=\"font-weight: 400;\">fassone<\/span><\/i><span style=\"font-weight: 400;\">, deriva dal fatto che questa razza ha la particolarit\u00e0 di avere un rigonfiamento muscolare in alcuni punti del corpo: groppa, dorso e nella coscia stessa; questa abbondanza di muscoli \u00e8 spesso definita \u2018doppia coscia\u2019. I commercianti francesi ne apprezzavano la qualit\u00e0 definendola <\/span><i><span style=\"font-weight: 400;\">de bonne fa\u00e7on<\/span><\/i><span style=\"font-weight: 400;\">, di buona fattura. Da qui il nome, che \u00e8 rimasto poi legato alla razza piemontese, anche se a volte si applica il termine \u2018fassona\u2019 anche ad altre razze, e si ingenera cos\u00ec confusione.<\/span><br \/><span style=\"font-weight: 400;\">NB: Quando si consuma carne bovina certificata di \u201crazza piemontese\u201d, si \u00e8 certi di mangiare animali nati e allevati in Italia, per il 95% in Piemonte. Il consorzio di tutela \u00e8 <\/span><a href=\"https:\/\/www.coalvi.it\/\" target=\"_blank\" rel=\"noreferrer noopener\"><span style=\"font-weight: 400;\">Coalvi<\/span><\/a><span style=\"font-weight: 400;\">.<\/span><\/p>\n\n\n\n<h2 class=\"wp-block-heading\">La carne all\u2019albese nella ricetta tradizionale<\/h2>\n\n\n\n<p><span style=\"font-size: small;\"><strong><span style=\"color: #333333;\">Dosi per 4 persone<\/span><\/strong><\/span><\/p>\n\n\n\n<p><span style=\"color: #333333; font-size: small;\">\u2022 400 gr coscia o girello&nbsp;di&nbsp;carne fassona<br><\/span><span style=\"color: #333333; font-size: small;\">\u2022 4 cucchiai di olio extravergine d&#8217;oliva<br><\/span><span style=\"color: #333333; font-size: small;\">\u2022 succo di 1 limone<br><\/span><span style=\"color: #333333; font-size: small;\">\u2022 un pizzico di pepe nero macinato<br><\/span><span style=\"color: #333333; font-size: small;\">\u2022 1 pizzico di sale<br><\/span><span style=\"color: #333333; font-size: small;\">\u2022 1 spicchio d&#8217;aglio<\/span><\/p>\n\n\n\n<p>Tagliare a coltello la carne sottilissima, quindi adagiarla tra due fogli si carta da forno e batterla con il batticarne delicatamente in modo da ottenere fettine sottilissime. Sistemarle&nbsp;quindi su di un piatto da portata<\/p>\n\n\n\n<p><span style=\"color: #333333; font-size: small;\">In una scodella creare un&#8217;emulsione con l&#8217;olio, il succo di limone, il sale, e una macinata di pepe e sbattere il liquido con una forchetta tra i cui denti \u00e8 stato infilzato uno spicchio d&#8217;aglio spellato.<\/span><\/p>\n\n\n\n<p><span style=\"color: #333333; font-size: small;\">Con l&#8217;aiuto di un cucchiaio irrorare la carne disposta sul piatto e servire dopo una decina di minuti.<\/span><\/p>\n\n\n\n<h2 class=\"wp-block-heading\">Varianti e trucchi<\/h2>\n\n\n\n<p><span style=\"font-weight: 400;\">Sulla ricetta di base, che valorizza la qualit\u00e0 di pochi semplici ingredienti \u2013 come sempre nella cucina tradizionale, che nasce essenziale e povera \u2013 si innestano <\/span><b>diverse varianti a seconda della stagione<\/b><span style=\"font-weight: 400;\">, dei gusti personali e della disponibilit\u00e0 degli ingredienti in casa. Ogni famiglia ha la propria versione.<\/span><\/p>\n\n\n\n<p><span style=\"font-weight: 400;\">La carne all\u2019albese si pu\u00f2 infatti arricchire con:&nbsp;<\/span><\/p>\n\n\n\n<ul class=\"wp-block-list\">\n<li><span style=\"font-weight: 400;\">ovoli o porcini crudi a lamelle<\/span><\/li>\n\n\n\n<li><span style=\"font-weight: 400;\">scaglie di grana o parmigiano reggiano<\/span><\/li>\n\n\n\n<li><span style=\"font-weight: 400;\">foglie di rucola<\/span><\/li>\n\n\n\n<li><span style=\"font-weight: 400;\">fettine di sedano<\/span><\/li>\n\n\n\n<li><span style=\"font-weight: 400;\">fettine di ravanello fresco<\/span><\/li>\n\n\n\n<li>granella di noci<\/li>\n\n\n\n<li><span style=\"font-weight: 400;\">e (a chi piace) un trito d\u2019aglio.&nbsp;<\/span><\/li>\n<\/ul>\n\n\n\n<p><span style=\"font-weight: 400;\">Se l\u2019aglio tritato a crudo fosse troppo forte, si pu\u00f2 anche solo passarne uno spicchio sulle fettine di carne prima di metterle in emulsione, tipo bruschetta; c\u2019\u00e8 chi passa solo il piatto di portata.&nbsp;<\/span><\/p>\n\n\n\n<p><span style=\"font-weight: 400;\">La variante con lamelle di grana e rucola fresca viene anche definita \u201ccarne alla zingara\u201d.<\/span><\/p>\n\n\n\n<h2 class=\"wp-block-heading\">Per un condimento perfetto tutto l\u2019anno<\/h2>\n\n\n\n<p><span style=\"font-weight: 400;\">Qualche <\/span><b>idea gourmet per godere del tartufo<\/b><span style=\"font-weight: 400;\"> tutto l\u2019anno, grazie ai nostri prodotti:&nbsp;<\/span><\/p>\n\n\n\n<ul class=\"wp-block-list\">\n<li><a href=\"https:\/\/www.shopiemonte.com\/pate-di-tartufo-albese-30g\"><span style=\"font-weight: 400;\">Pat\u00e8 di tartufo all\u2019albese<\/span><\/a><span style=\"font-weight: 400;\">, che puoi spalmare su un crostone di pane, anche abbrustolito, a fare da base al carpaccio, o direttamente sulla carne<\/span><\/li>\n\n\n\n<li><a href=\"https:\/\/www.shopiemonte.com\/perle-di-olio-al-tartufo-bianco-50g\"><span style=\"font-weight: 400;\">Perle di olio al tartufo bianco<\/span><\/a><span style=\"font-weight: 400;\">, da spargere direttamente sulla carne cruda, insieme al succo di limone<\/span><\/li>\n\n\n\n<li><a href=\"https:\/\/www.shopiemonte.com\/olio-extravergine-di-oliva-con-tartufo-nero-estivo-in-fette\"><span style=\"font-weight: 400;\">Olio extravergine di oliva con tartufo nero in fette<\/span><\/a><span style=\"font-weight: 400;\">, per insaporire con un tocco delicato<\/span><\/li>\n\n\n\n<li><a href=\"https:\/\/www.shopiemonte.com\/sale-al-tartufo\"><span style=\"font-weight: 400;\">Sale grigio di Gu\u00e9rande con tartufo nero estivo<\/span><\/a><span style=\"font-weight: 400;\">, per impreziosire e gemellare le Langhe e la Loira<\/span><\/li>\n\n\n\n<li><a href=\"https:\/\/www.shopiemonte.com\/sale-grigio-di-guerande-con-tartufo-bianco\"><span style=\"font-weight: 400;\">Sale grigio di Gu\u00e9rande con tartufo bianco d\u2019alba<\/span><\/a><span style=\"font-weight: 400;\">, per fare il figurone.<\/span><\/li>\n<\/ul>\n\n\n\n<figure class=\"wp-block-gallery has-nested-images columns-default is-cropped wp-block-gallery-1 is-layout-flex wp-block-gallery-is-layout-flex\">\n<figure class=\"wp-block-image\"><a href=\"https:\/\/www.shopiemonte.com\/pate-di-tartufo-albese-30g\"><img loading=\"lazy\" decoding=\"async\" width=\"1920\" height=\"1920\" data-id=\"4533\" src=\"https:\/\/www.shopiemonte.com\/blog\/wp-content\/uploads\/2023\/03\/SP4038_1.jpeg\" alt=\"Pat\u00e8 di Tartufo all\u2019Albese\" class=\"wp-image-4533\" srcset=\"https:\/\/www.shopiemonte.com\/blog\/wp-content\/uploads\/2023\/03\/SP4038_1.jpeg 1920w, https:\/\/www.shopiemonte.com\/blog\/wp-content\/uploads\/2023\/03\/SP4038_1-300x300.jpeg 300w, https:\/\/www.shopiemonte.com\/blog\/wp-content\/uploads\/2023\/03\/SP4038_1-1024x1024.jpeg 1024w, https:\/\/www.shopiemonte.com\/blog\/wp-content\/uploads\/2023\/03\/SP4038_1-150x150.jpeg 150w, https:\/\/www.shopiemonte.com\/blog\/wp-content\/uploads\/2023\/03\/SP4038_1-768x768.jpeg 768w, https:\/\/www.shopiemonte.com\/blog\/wp-content\/uploads\/2023\/03\/SP4038_1-1536x1536.jpeg 1536w, https:\/\/www.shopiemonte.com\/blog\/wp-content\/uploads\/2023\/03\/SP4038_1-600x600.jpeg 600w\" sizes=\"(max-width: 1920px) 100vw, 1920px\" \/><\/a><figcaption class=\"wp-element-caption\"><a href=\"https:\/\/www.shopiemonte.com\/pate-di-tartufo-albese-30g\" target=\"_blank\" rel=\"noreferrer noopener\">Pat\u00e8 di Tartufo all\u2019Albese<\/a><\/figcaption><\/figure>\n\n\n\n<figure class=\"wp-block-image\"><a href=\"https:\/\/www.shopiemonte.com\/perle-di-olio-al-tartufo-bianco-50g\"><img loading=\"lazy\" decoding=\"async\" width=\"1920\" height=\"1920\" data-id=\"4534\" src=\"https:\/\/www.shopiemonte.com\/blog\/wp-content\/uploads\/2023\/03\/SP3591_2_1920x1920.jpeg\" alt=\"Perle di Olio al Tartufo Bianco\" class=\"wp-image-4534\" srcset=\"https:\/\/www.shopiemonte.com\/blog\/wp-content\/uploads\/2023\/03\/SP3591_2_1920x1920.jpeg 1920w, https:\/\/www.shopiemonte.com\/blog\/wp-content\/uploads\/2023\/03\/SP3591_2_1920x1920-300x300.jpeg 300w, https:\/\/www.shopiemonte.com\/blog\/wp-content\/uploads\/2023\/03\/SP3591_2_1920x1920-1024x1024.jpeg 1024w, https:\/\/www.shopiemonte.com\/blog\/wp-content\/uploads\/2023\/03\/SP3591_2_1920x1920-150x150.jpeg 150w, https:\/\/www.shopiemonte.com\/blog\/wp-content\/uploads\/2023\/03\/SP3591_2_1920x1920-768x768.jpeg 768w, https:\/\/www.shopiemonte.com\/blog\/wp-content\/uploads\/2023\/03\/SP3591_2_1920x1920-1536x1536.jpeg 1536w, https:\/\/www.shopiemonte.com\/blog\/wp-content\/uploads\/2023\/03\/SP3591_2_1920x1920-600x600.jpeg 600w\" sizes=\"(max-width: 1920px) 100vw, 1920px\" \/><\/a><figcaption class=\"wp-element-caption\"><a href=\"https:\/\/www.shopiemonte.com\/perle-di-olio-al-tartufo-bianco-50g\" target=\"_blank\" rel=\"noreferrer noopener\">Perle di Olio al Tartufo Bianco<\/a><\/figcaption><\/figure>\n\n\n\n<figure class=\"wp-block-image\"><a href=\"https:\/\/www.shopiemonte.com\/olio-extravergine-di-oliva-con-tartufo-nero-estivo-in-fette\"><img loading=\"lazy\" decoding=\"async\" width=\"1920\" height=\"1920\" data-id=\"4535\" src=\"https:\/\/www.shopiemonte.com\/blog\/wp-content\/uploads\/2023\/03\/SP0596_2_1920x1920.jpeg\" alt=\"Olio extravergine di oliva con Tartufo Nero Estivo in fette\" class=\"wp-image-4535\" srcset=\"https:\/\/www.shopiemonte.com\/blog\/wp-content\/uploads\/2023\/03\/SP0596_2_1920x1920.jpeg 1920w, https:\/\/www.shopiemonte.com\/blog\/wp-content\/uploads\/2023\/03\/SP0596_2_1920x1920-300x300.jpeg 300w, https:\/\/www.shopiemonte.com\/blog\/wp-content\/uploads\/2023\/03\/SP0596_2_1920x1920-1024x1024.jpeg 1024w, https:\/\/www.shopiemonte.com\/blog\/wp-content\/uploads\/2023\/03\/SP0596_2_1920x1920-150x150.jpeg 150w, https:\/\/www.shopiemonte.com\/blog\/wp-content\/uploads\/2023\/03\/SP0596_2_1920x1920-768x768.jpeg 768w, https:\/\/www.shopiemonte.com\/blog\/wp-content\/uploads\/2023\/03\/SP0596_2_1920x1920-1536x1536.jpeg 1536w, https:\/\/www.shopiemonte.com\/blog\/wp-content\/uploads\/2023\/03\/SP0596_2_1920x1920-600x600.jpeg 600w\" sizes=\"(max-width: 1920px) 100vw, 1920px\" \/><\/a><figcaption class=\"wp-element-caption\"><a href=\"https:\/\/www.shopiemonte.com\/olio-extravergine-di-oliva-con-tartufo-nero-estivo-in-fette\" target=\"_blank\" rel=\"noreferrer noopener\">Olio extravergine di oliva con Tartufo Nero Estivo in fette<\/a><\/figcaption><\/figure>\n<\/figure>\n\n\n\n<figure class=\"wp-block-gallery has-nested-images columns-default is-cropped wp-block-gallery-2 is-layout-flex wp-block-gallery-is-layout-flex\">\n<figure class=\"wp-block-image size-large\"><a href=\"https:\/\/www.shopiemonte.com\/sale-al-tartufo\"><img loading=\"lazy\" decoding=\"async\" width=\"1024\" height=\"1024\" data-id=\"4536\" src=\"https:\/\/www.shopiemonte.com\/blog\/wp-content\/uploads\/2023\/03\/SP2961_2_1920x1920-1024x1024.jpeg\" alt=\"Sale al Tartufo\" class=\"wp-image-4536\" srcset=\"https:\/\/www.shopiemonte.com\/blog\/wp-content\/uploads\/2023\/03\/SP2961_2_1920x1920-1024x1024.jpeg 1024w, https:\/\/www.shopiemonte.com\/blog\/wp-content\/uploads\/2023\/03\/SP2961_2_1920x1920-300x300.jpeg 300w, https:\/\/www.shopiemonte.com\/blog\/wp-content\/uploads\/2023\/03\/SP2961_2_1920x1920-150x150.jpeg 150w, https:\/\/www.shopiemonte.com\/blog\/wp-content\/uploads\/2023\/03\/SP2961_2_1920x1920-768x768.jpeg 768w, https:\/\/www.shopiemonte.com\/blog\/wp-content\/uploads\/2023\/03\/SP2961_2_1920x1920-1536x1536.jpeg 1536w, https:\/\/www.shopiemonte.com\/blog\/wp-content\/uploads\/2023\/03\/SP2961_2_1920x1920-600x600.jpeg 600w, https:\/\/www.shopiemonte.com\/blog\/wp-content\/uploads\/2023\/03\/SP2961_2_1920x1920.jpeg 1920w\" sizes=\"(max-width: 1024px) 100vw, 1024px\" \/><\/a><figcaption class=\"wp-element-caption\"><a href=\"https:\/\/www.shopiemonte.com\/sale-al-tartufo\" target=\"_blank\" rel=\"noreferrer noopener\">Sale al Tartufo<\/a><\/figcaption><\/figure>\n\n\n\n<figure class=\"wp-block-image size-large\"><a href=\"https:\/\/www.shopiemonte.com\/sale-grigio-di-guerande-con-tartufo-bianco\"><img loading=\"lazy\" decoding=\"async\" width=\"1024\" height=\"1024\" data-id=\"4537\" src=\"https:\/\/www.shopiemonte.com\/blog\/wp-content\/uploads\/2023\/03\/SP0594_2_1920x1920-1024x1024.jpeg\" alt=\"Sale grigio di Gu\u00e9rande con Tartufo Bianco\" class=\"wp-image-4537\" srcset=\"https:\/\/www.shopiemonte.com\/blog\/wp-content\/uploads\/2023\/03\/SP0594_2_1920x1920-1024x1024.jpeg 1024w, https:\/\/www.shopiemonte.com\/blog\/wp-content\/uploads\/2023\/03\/SP0594_2_1920x1920-300x300.jpeg 300w, https:\/\/www.shopiemonte.com\/blog\/wp-content\/uploads\/2023\/03\/SP0594_2_1920x1920-150x150.jpeg 150w, https:\/\/www.shopiemonte.com\/blog\/wp-content\/uploads\/2023\/03\/SP0594_2_1920x1920-768x768.jpeg 768w, https:\/\/www.shopiemonte.com\/blog\/wp-content\/uploads\/2023\/03\/SP0594_2_1920x1920-1536x1536.jpeg 1536w, https:\/\/www.shopiemonte.com\/blog\/wp-content\/uploads\/2023\/03\/SP0594_2_1920x1920-600x600.jpeg 600w, https:\/\/www.shopiemonte.com\/blog\/wp-content\/uploads\/2023\/03\/SP0594_2_1920x1920.jpeg 1920w\" sizes=\"(max-width: 1024px) 100vw, 1024px\" \/><\/a><figcaption class=\"wp-element-caption\"><a href=\"http:\/\/Sale grigio di Gu\u00e9rande con Tartufo Bianco\">Sale grigio di Gu\u00e9rande con Tartufo Bianco<\/a><\/figcaption><\/figure>\n<\/figure>\n\n\n\n<p><span style=\"font-weight: 400;\">Per i <\/span><b>funghi<\/b><span style=\"font-weight: 400;\">: se non \u00e8 ancora, o non \u00e8 pi\u00f9, la stagione di raccolta del fresco, si pu\u00f2 ovviare con gli ottimi porcini selezionati e conservati in olio di oliva di Inaudi, nelle due versioni: <\/span><a href=\"https:\/\/www.shopiemonte.com\/funghi-porcini-tagliati-in-olio-d-oliva\"><span style=\"font-weight: 400;\">interi a sezioni<\/span><\/a><span style=\"font-weight: 400;\"> o <\/span><a href=\"https:\/\/www.shopiemonte.com\/funghi-porcini-a-pezzetti-in-olio-d-oliva\"><span style=\"font-weight: 400;\">a pezzetti<\/span><\/a><span style=\"font-weight: 400;\">.<\/span><\/p>\n\n\n\n<figure class=\"wp-block-gallery has-nested-images columns-default is-cropped wp-block-gallery-3 is-layout-flex wp-block-gallery-is-layout-flex\">\n<figure class=\"wp-block-image size-large\"><a href=\"https:\/\/www.shopiemonte.com\/funghi-porcini-tagliati-in-olio-d-oliva\"><img loading=\"lazy\" decoding=\"async\" width=\"1024\" height=\"1024\" data-id=\"4539\" src=\"https:\/\/www.shopiemonte.com\/blog\/wp-content\/uploads\/2023\/03\/SP0962_1-1024x1024.jpeg\" alt=\"Funghi Porcini tagliati in olio d\u2019oliva\" class=\"wp-image-4539\" srcset=\"https:\/\/www.shopiemonte.com\/blog\/wp-content\/uploads\/2023\/03\/SP0962_1-1024x1024.jpeg 1024w, https:\/\/www.shopiemonte.com\/blog\/wp-content\/uploads\/2023\/03\/SP0962_1-300x300.jpeg 300w, https:\/\/www.shopiemonte.com\/blog\/wp-content\/uploads\/2023\/03\/SP0962_1-150x150.jpeg 150w, https:\/\/www.shopiemonte.com\/blog\/wp-content\/uploads\/2023\/03\/SP0962_1-768x768.jpeg 768w, https:\/\/www.shopiemonte.com\/blog\/wp-content\/uploads\/2023\/03\/SP0962_1-1536x1536.jpeg 1536w, https:\/\/www.shopiemonte.com\/blog\/wp-content\/uploads\/2023\/03\/SP0962_1-600x600.jpeg 600w, https:\/\/www.shopiemonte.com\/blog\/wp-content\/uploads\/2023\/03\/SP0962_1.jpeg 1920w\" sizes=\"(max-width: 1024px) 100vw, 1024px\" \/><\/a><figcaption class=\"wp-element-caption\"><a href=\"https:\/\/www.shopiemonte.com\/funghi-porcini-tagliati-in-olio-d-oliva\" target=\"_blank\" rel=\"noreferrer noopener\">Funghi Porcini tagliati in olio d\u2019oliva<\/a><\/figcaption><\/figure>\n\n\n\n<figure class=\"wp-block-image size-large\"><a href=\"https:\/\/www.shopiemonte.com\/funghi-porcini-a-pezzetti-in-olio-d-oliva\"><img loading=\"lazy\" decoding=\"async\" width=\"1024\" height=\"1024\" data-id=\"4538\" src=\"https:\/\/www.shopiemonte.com\/blog\/wp-content\/uploads\/2023\/03\/SP0965_1-1024x1024.jpeg\" alt=\"Funghi Porcini a pezzetti in olio d\u2019oliva\" class=\"wp-image-4538\" srcset=\"https:\/\/www.shopiemonte.com\/blog\/wp-content\/uploads\/2023\/03\/SP0965_1-1024x1024.jpeg 1024w, https:\/\/www.shopiemonte.com\/blog\/wp-content\/uploads\/2023\/03\/SP0965_1-300x300.jpeg 300w, https:\/\/www.shopiemonte.com\/blog\/wp-content\/uploads\/2023\/03\/SP0965_1-150x150.jpeg 150w, https:\/\/www.shopiemonte.com\/blog\/wp-content\/uploads\/2023\/03\/SP0965_1-768x768.jpeg 768w, https:\/\/www.shopiemonte.com\/blog\/wp-content\/uploads\/2023\/03\/SP0965_1-1536x1536.jpeg 1536w, https:\/\/www.shopiemonte.com\/blog\/wp-content\/uploads\/2023\/03\/SP0965_1-600x600.jpeg 600w, https:\/\/www.shopiemonte.com\/blog\/wp-content\/uploads\/2023\/03\/SP0965_1.jpeg 1920w\" sizes=\"(max-width: 1024px) 100vw, 1024px\" \/><\/a><figcaption class=\"wp-element-caption\"><a href=\"https:\/\/www.shopiemonte.com\/funghi-porcini-a-pezzetti-in-olio-d-oliva\" target=\"_blank\" rel=\"noreferrer noopener\">Funghi Porcini a pezzetti in olio d\u2019oliva<\/a><\/figcaption><\/figure>\n<\/figure>\n\n\n\n<p><span style=\"font-weight: 400;\">Un\u2019altro accoppiamento che funziona sono i cuori di <\/span><b>carciofo<\/b><span style=\"font-weight: 400;\">, a crudo. Se non \u00e8 stagione o non li hai in casa, sono ideali i nostri <\/span><a href=\"https:\/\/www.shopiemonte.com\/carciofi-dal-fresco-in-evo-320g\"><span style=\"font-weight: 400;\">carciofini Fonterosa<\/span><\/a><span style=\"font-weight: 400;\">, lavorati a mano dal fresco, o i <\/span><a href=\"https:\/\/www.shopiemonte.com\/carciofi-in-olio-extravergine-di-oliva-bio\"><span style=\"font-weight: 400;\">carciofi in olio extravergine d\u2019oliva di Granda<\/span><\/a><span style=\"font-weight: 400;\">, che sono anche biologici.<\/span><\/p>\n\n\n\n<h2 class=\"wp-block-heading\">Abbinamenti con il vino<\/h2>\n\n\n\n<p><span style=\"font-weight: 400;\">La carne all\u2019albese si accompagna bene sia con un <\/span><a href=\"https:\/\/www.shopiemonte.com\/nebbiolo?order=popolarita&amp;p=1&amp;properties=29ff27a8699c44418c263bdf298e352b%7C1a4def326aac4f0d90c2899843df874d\"><span style=\"font-weight: 400;\">Nebbiolo delle Langhe<\/span><\/a><span style=\"font-weight: 400;\"> che con un <\/span><a href=\"https:\/\/www.shopiemonte.com\/dolcetto?order=popolarita&amp;p=1&amp;properties=441d5100f24041b8b815ea544ef8d525\"><span style=\"font-weight: 400;\">dolcetto d\u2019Alba<\/span><\/a><span style=\"font-weight: 400;\">. Questo per partire con i rossi e restare nella doc territoriale.&nbsp;<\/span><\/p>\n\n\n\n<p><span style=\"font-weight: 400;\">Tra i bianchi, sempre autoctoni, si sposano bene il <\/span><a href=\"https:\/\/www.shopiemonte.com\/arneis\"><span style=\"font-weight: 400;\">Roero Arneis<\/span><\/a><span style=\"font-weight: 400;\">, il <\/span><a href=\"https:\/\/www.shopiemonte.com\/favorita\"><span style=\"font-weight: 400;\">Favorita<\/span><\/a><span style=\"font-weight: 400;\"> e il <\/span><a href=\"https:\/\/www.shopiemonte.com\/search?order=score&amp;p=1&amp;properties=23d287e4ad414fd39a5afd26deaeddea&amp;search=grignolino%20monferrato\"><span style=\"font-weight: 400;\">Grignolino d\u2019Asti<\/span><\/a><span style=\"font-weight: 400;\">.<\/span><\/p>\n\n\n\n<h2 class=\"wp-block-heading\"><span style=\"font-weight: 400;\">La variante dello chef Gabriele Boffa<\/span><\/h2>\n\n\n\n<p><span style=\"font-weight: 400;\">Qualche anno fa Gabriele Boffa, albese doc, allora chef al Castello di Guarene&nbsp; e oggi alla Locanda Sant\u2019Uffizio Enrico Bartolini, ci regal\u00f2 una <\/span><b>variante della ricetta della carne all\u2019albese<\/b><span style=\"font-weight: 400;\"> che troviamo tuttora irresistibile.<\/span><\/p>\n\n\n\n<p><span style=\"font-weight: 400;\">Il suo suggerimento \u00e8 di aggiungere alla citronnette un po\u2019 olio di nocciole e di sostituire le scaglie di grana con fettine sottili di grasso di vitella o di lardo.<\/span><\/p>\n\n\n\n<p><span style=\"font-weight: 400;\">Con queste due variazioni, che tra l\u2019altro accentuano la piemontesit\u00e0 degli ingredienti, l\u2019effetto \u00e8 strepitoso e non perde in semplicit\u00e0.<\/span><\/p>\n\n\n<p><iframe loading=\"lazy\" title=\"Carne all&#039;albese - Eccellenza Piemontese | Albese Meat - Piedmontese Excellence\" width=\"500\" height=\"281\" src=\"https:\/\/www.youtube.com\/embed\/hMlfZ8WZpYY?feature=oembed\" frameborder=\"0\" allow=\"accelerometer; autoplay; clipboard-write; encrypted-media; gyroscope; picture-in-picture; web-share\" referrerpolicy=\"strict-origin-when-cross-origin\" allowfullscreen><\/iframe><\/p>\n","protected":false},"excerpt":{"rendered":"<p>La carne all\u2019albese \u00e8 uno dei piatti protagonisti dei menu piemontesi. Insieme alla battuta al coltello e al vitello tonnato, \u00e8 tra gli antipasti tradizionali pi\u00f9 amati e pi\u00f9 conosciuti. Scopri come realizzarla con la ricetta tradizionale e in tutte le sue varianti.<\/p>\n","protected":false},"author":13,"featured_media":1365,"comment_status":"open","ping_status":"open","sticky":true,"template":"","format":"standard","meta":{"footnotes":""},"categories":[3,42],"tags":[45,44],"class_list":["post-1348","post","type-post","status-publish","format-standard","has-post-thumbnail","hentry","category-ricette-piemontesi","category-video-ricette","tag-cucina-piemontese","tag-ricette-piemontesi"],"acf":[],"yoast_head":"<!-- This site is optimized with the Yoast SEO plugin v23.7 - https:\/\/yoast.com\/wordpress\/plugins\/seo\/ -->\n<title>Carne all\u2019albese: ricetta della tradizione e varianti - Il Magazine di Shopiemonte<\/title>\n<meta name=\"description\" content=\"La carne all\u2019albese non manca mai nei menu piemontesi. Scopri come prepararla nella ricetta classica e in tutte le sue varianti.\" \/>\n<meta name=\"robots\" content=\"index, follow, max-snippet:-1, max-image-preview:large, max-video-preview:-1\" \/>\n<link rel=\"canonical\" href=\"https:\/\/www.shopiemonte.com\/blog\/ricette-piemontesi\/la-carne-allalbese\" \/>\n<meta property=\"og:locale\" content=\"it_IT\" \/>\n<meta property=\"og:type\" content=\"article\" \/>\n<meta property=\"og:title\" content=\"Carne all\u2019albese: ricetta della tradizione e varianti - Il Magazine di Shopiemonte\" \/>\n<meta property=\"og:description\" content=\"La carne all\u2019albese non manca mai nei menu piemontesi. Scopri come prepararla nella ricetta classica e in tutte le sue varianti.\" \/>\n<meta property=\"og:url\" content=\"https:\/\/www.shopiemonte.com\/blog\/ricette-piemontesi\/la-carne-allalbese\" \/>\n<meta property=\"og:site_name\" content=\"Il Magazine di Shopiemonte\" \/>\n<meta property=\"article:published_time\" content=\"2023-03-22T15:47:06+00:00\" \/>\n<meta property=\"article:modified_time\" content=\"2023-04-04T19:20:02+00:00\" \/>\n<meta property=\"og:image\" content=\"https:\/\/www.shopiemonte.com\/blog\/wp-content\/uploads\/2017\/09\/Carne-allalbese.jpg\" \/>\n\t<meta property=\"og:image:width\" content=\"1146\" \/>\n\t<meta property=\"og:image:height\" content=\"673\" \/>\n\t<meta property=\"og:image:type\" content=\"image\/jpeg\" \/>\n<meta name=\"author\" content=\"Paolo\" \/>\n<meta name=\"twitter:card\" content=\"summary_large_image\" \/>\n<meta name=\"twitter:label1\" content=\"Scritto da\" \/>\n\t<meta name=\"twitter:data1\" content=\"Paolo\" \/>\n\t<meta name=\"twitter:label2\" content=\"Tempo di lettura stimato\" \/>\n\t<meta name=\"twitter:data2\" content=\"8 minuti\" \/>\n<script type=\"application\/ld+json\" class=\"yoast-schema-graph\">{\"@context\":\"https:\/\/schema.org\",\"@graph\":[{\"@type\":\"WebPage\",\"@id\":\"https:\/\/www.shopiemonte.com\/blog\/ricette-piemontesi\/la-carne-allalbese\",\"url\":\"https:\/\/www.shopiemonte.com\/blog\/ricette-piemontesi\/la-carne-allalbese\",\"name\":\"Carne all\u2019albese: ricetta della tradizione e varianti - Il Magazine di Shopiemonte\",\"isPartOf\":{\"@id\":\"https:\/\/www.shopiemonte.com\/blog\/#website\"},\"primaryImageOfPage\":{\"@id\":\"https:\/\/www.shopiemonte.com\/blog\/ricette-piemontesi\/la-carne-allalbese#primaryimage\"},\"image\":{\"@id\":\"https:\/\/www.shopiemonte.com\/blog\/ricette-piemontesi\/la-carne-allalbese#primaryimage\"},\"thumbnailUrl\":\"https:\/\/www.shopiemonte.com\/blog\/wp-content\/uploads\/2017\/09\/Carne-allalbese.jpg\",\"datePublished\":\"2023-03-22T15:47:06+00:00\",\"dateModified\":\"2023-04-04T19:20:02+00:00\",\"author\":{\"@id\":\"https:\/\/www.shopiemonte.com\/blog\/#\/schema\/person\/a3d6991146fdb6ff1c02bcc76d7718be\"},\"description\":\"La carne all\u2019albese non manca mai nei menu piemontesi. Scopri come prepararla nella ricetta classica e in tutte le sue varianti.\",\"breadcrumb\":{\"@id\":\"https:\/\/www.shopiemonte.com\/blog\/ricette-piemontesi\/la-carne-allalbese#breadcrumb\"},\"inLanguage\":\"it-IT\",\"potentialAction\":[{\"@type\":\"ReadAction\",\"target\":[\"https:\/\/www.shopiemonte.com\/blog\/ricette-piemontesi\/la-carne-allalbese\"]}]},{\"@type\":\"ImageObject\",\"inLanguage\":\"it-IT\",\"@id\":\"https:\/\/www.shopiemonte.com\/blog\/ricette-piemontesi\/la-carne-allalbese#primaryimage\",\"url\":\"https:\/\/www.shopiemonte.com\/blog\/wp-content\/uploads\/2017\/09\/Carne-allalbese.jpg\",\"contentUrl\":\"https:\/\/www.shopiemonte.com\/blog\/wp-content\/uploads\/2017\/09\/Carne-allalbese.jpg\",\"width\":1146,\"height\":673,\"caption\":\"La carne all'albese\"},{\"@type\":\"BreadcrumbList\",\"@id\":\"https:\/\/www.shopiemonte.com\/blog\/ricette-piemontesi\/la-carne-allalbese#breadcrumb\",\"itemListElement\":[{\"@type\":\"ListItem\",\"position\":1,\"name\":\"Home\",\"item\":\"https:\/\/www.shopiemonte.com\/blog\/\"},{\"@type\":\"ListItem\",\"position\":2,\"name\":\"Ricette Piemontesi\",\"item\":\"https:\/\/www.shopiemonte.com\/blog\/category\/ricette-piemontesi\"},{\"@type\":\"ListItem\",\"position\":3,\"name\":\"Carne all\u2019albese: ricetta della tradizione e varianti\"}]},{\"@type\":\"WebSite\",\"@id\":\"https:\/\/www.shopiemonte.com\/blog\/#website\",\"url\":\"https:\/\/www.shopiemonte.com\/blog\/\",\"name\":\"Il Magazine di Shopiemonte\",\"description\":\"ricette e curiosit\u00e0 dal Piemonte\",\"potentialAction\":[{\"@type\":\"SearchAction\",\"target\":{\"@type\":\"EntryPoint\",\"urlTemplate\":\"https:\/\/www.shopiemonte.com\/blog\/?s={search_term_string}\"},\"query-input\":{\"@type\":\"PropertyValueSpecification\",\"valueRequired\":true,\"valueName\":\"search_term_string\"}}],\"inLanguage\":\"it-IT\"},{\"@type\":\"Person\",\"@id\":\"https:\/\/www.shopiemonte.com\/blog\/#\/schema\/person\/a3d6991146fdb6ff1c02bcc76d7718be\",\"name\":\"Paolo\",\"image\":{\"@type\":\"ImageObject\",\"inLanguage\":\"it-IT\",\"@id\":\"https:\/\/www.shopiemonte.com\/blog\/#\/schema\/person\/image\/\",\"url\":\"https:\/\/secure.gravatar.com\/avatar\/1d024eee752a9ed120398a8b0252c894?s=96&d=mm&r=g\",\"contentUrl\":\"https:\/\/secure.gravatar.com\/avatar\/1d024eee752a9ed120398a8b0252c894?s=96&d=mm&r=g\",\"caption\":\"Paolo\"},\"url\":\"https:\/\/www.shopiemonte.com\/blog\/author\/paolo\"}]}<\/script>\n<!-- \/ Yoast SEO plugin. -->","yoast_head_json":{"title":"Carne all\u2019albese: ricetta della tradizione e varianti - Il Magazine di Shopiemonte","description":"La carne all\u2019albese non manca mai nei menu piemontesi. Scopri come prepararla nella ricetta classica e in tutte le sue varianti.","robots":{"index":"index","follow":"follow","max-snippet":"max-snippet:-1","max-image-preview":"max-image-preview:large","max-video-preview":"max-video-preview:-1"},"canonical":"https:\/\/www.shopiemonte.com\/blog\/ricette-piemontesi\/la-carne-allalbese","og_locale":"it_IT","og_type":"article","og_title":"Carne all\u2019albese: ricetta della tradizione e varianti - Il Magazine di Shopiemonte","og_description":"La carne all\u2019albese non manca mai nei menu piemontesi. Scopri come prepararla nella ricetta classica e in tutte le sue varianti.","og_url":"https:\/\/www.shopiemonte.com\/blog\/ricette-piemontesi\/la-carne-allalbese","og_site_name":"Il Magazine di Shopiemonte","article_published_time":"2023-03-22T15:47:06+00:00","article_modified_time":"2023-04-04T19:20:02+00:00","og_image":[{"width":1146,"height":673,"url":"https:\/\/www.shopiemonte.com\/blog\/wp-content\/uploads\/2017\/09\/Carne-allalbese.jpg","type":"image\/jpeg"}],"author":"Paolo","twitter_card":"summary_large_image","twitter_misc":{"Scritto da":"Paolo","Tempo di lettura stimato":"8 minuti"},"schema":{"@context":"https:\/\/schema.org","@graph":[{"@type":"WebPage","@id":"https:\/\/www.shopiemonte.com\/blog\/ricette-piemontesi\/la-carne-allalbese","url":"https:\/\/www.shopiemonte.com\/blog\/ricette-piemontesi\/la-carne-allalbese","name":"Carne all\u2019albese: ricetta della tradizione e varianti - Il Magazine di Shopiemonte","isPartOf":{"@id":"https:\/\/www.shopiemonte.com\/blog\/#website"},"primaryImageOfPage":{"@id":"https:\/\/www.shopiemonte.com\/blog\/ricette-piemontesi\/la-carne-allalbese#primaryimage"},"image":{"@id":"https:\/\/www.shopiemonte.com\/blog\/ricette-piemontesi\/la-carne-allalbese#primaryimage"},"thumbnailUrl":"https:\/\/www.shopiemonte.com\/blog\/wp-content\/uploads\/2017\/09\/Carne-allalbese.jpg","datePublished":"2023-03-22T15:47:06+00:00","dateModified":"2023-04-04T19:20:02+00:00","author":{"@id":"https:\/\/www.shopiemonte.com\/blog\/#\/schema\/person\/a3d6991146fdb6ff1c02bcc76d7718be"},"description":"La carne all\u2019albese non manca mai nei menu piemontesi. Scopri come prepararla nella ricetta classica e in tutte le sue varianti.","breadcrumb":{"@id":"https:\/\/www.shopiemonte.com\/blog\/ricette-piemontesi\/la-carne-allalbese#breadcrumb"},"inLanguage":"it-IT","potentialAction":[{"@type":"ReadAction","target":["https:\/\/www.shopiemonte.com\/blog\/ricette-piemontesi\/la-carne-allalbese"]}]},{"@type":"ImageObject","inLanguage":"it-IT","@id":"https:\/\/www.shopiemonte.com\/blog\/ricette-piemontesi\/la-carne-allalbese#primaryimage","url":"https:\/\/www.shopiemonte.com\/blog\/wp-content\/uploads\/2017\/09\/Carne-allalbese.jpg","contentUrl":"https:\/\/www.shopiemonte.com\/blog\/wp-content\/uploads\/2017\/09\/Carne-allalbese.jpg","width":1146,"height":673,"caption":"La carne all'albese"},{"@type":"BreadcrumbList","@id":"https:\/\/www.shopiemonte.com\/blog\/ricette-piemontesi\/la-carne-allalbese#breadcrumb","itemListElement":[{"@type":"ListItem","position":1,"name":"Home","item":"https:\/\/www.shopiemonte.com\/blog\/"},{"@type":"ListItem","position":2,"name":"Ricette Piemontesi","item":"https:\/\/www.shopiemonte.com\/blog\/category\/ricette-piemontesi"},{"@type":"ListItem","position":3,"name":"Carne all\u2019albese: ricetta della tradizione e varianti"}]},{"@type":"WebSite","@id":"https:\/\/www.shopiemonte.com\/blog\/#website","url":"https:\/\/www.shopiemonte.com\/blog\/","name":"Il Magazine di Shopiemonte","description":"ricette e curiosit\u00e0 dal Piemonte","potentialAction":[{"@type":"SearchAction","target":{"@type":"EntryPoint","urlTemplate":"https:\/\/www.shopiemonte.com\/blog\/?s={search_term_string}"},"query-input":{"@type":"PropertyValueSpecification","valueRequired":true,"valueName":"search_term_string"}}],"inLanguage":"it-IT"},{"@type":"Person","@id":"https:\/\/www.shopiemonte.com\/blog\/#\/schema\/person\/a3d6991146fdb6ff1c02bcc76d7718be","name":"Paolo","image":{"@type":"ImageObject","inLanguage":"it-IT","@id":"https:\/\/www.shopiemonte.com\/blog\/#\/schema\/person\/image\/","url":"https:\/\/secure.gravatar.com\/avatar\/1d024eee752a9ed120398a8b0252c894?s=96&d=mm&r=g","contentUrl":"https:\/\/secure.gravatar.com\/avatar\/1d024eee752a9ed120398a8b0252c894?s=96&d=mm&r=g","caption":"Paolo"},"url":"https:\/\/www.shopiemonte.com\/blog\/author\/paolo"}]}},"_links":{"self":[{"href":"https:\/\/www.shopiemonte.com\/blog\/wp-json\/wp\/v2\/posts\/1348"}],"collection":[{"href":"https:\/\/www.shopiemonte.com\/blog\/wp-json\/wp\/v2\/posts"}],"about":[{"href":"https:\/\/www.shopiemonte.com\/blog\/wp-json\/wp\/v2\/types\/post"}],"author":[{"embeddable":true,"href":"https:\/\/www.shopiemonte.com\/blog\/wp-json\/wp\/v2\/users\/13"}],"replies":[{"embeddable":true,"href":"https:\/\/www.shopiemonte.com\/blog\/wp-json\/wp\/v2\/comments?post=1348"}],"version-history":[{"count":15,"href":"https:\/\/www.shopiemonte.com\/blog\/wp-json\/wp\/v2\/posts\/1348\/revisions"}],"predecessor-version":[{"id":4559,"href":"https:\/\/www.shopiemonte.com\/blog\/wp-json\/wp\/v2\/posts\/1348\/revisions\/4559"}],"wp:featuredmedia":[{"embeddable":true,"href":"https:\/\/www.shopiemonte.com\/blog\/wp-json\/wp\/v2\/media\/1365"}],"wp:attachment":[{"href":"https:\/\/www.shopiemonte.com\/blog\/wp-json\/wp\/v2\/media?parent=1348"}],"wp:term":[{"taxonomy":"category","embeddable":true,"href":"https:\/\/www.shopiemonte.com\/blog\/wp-json\/wp\/v2\/categories?post=1348"},{"taxonomy":"post_tag","embeddable":true,"href":"https:\/\/www.shopiemonte.com\/blog\/wp-json\/wp\/v2\/tags?post=1348"}],"curies":[{"name":"wp","href":"https:\/\/api.w.org\/{rel}","templated":true}]}}